{"id":2407,"date":"2023-11-16T12:59:27","date_gmt":"2023-11-16T17:59:27","guid":{"rendered":"https:\/\/nemaskalithium.com\/?p=2407"},"modified":"2023-11-16T12:59:27","modified_gmt":"2023-11-16T17:59:27","slug":"nemaska-lithium-sassocie-avec-air-creebec-pour-assurer-le-transport-de-ses-employes","status":"publish","type":"post","link":"https:\/\/nemaskalithium.com\/fr\/nemaska-lithium-sassocie-avec-air-creebec-pour-assurer-le-transport-de-ses-employes\/","title":{"rendered":"Nemaska Lithium s&rsquo;associe avec Air Creebec pour assurer le transport de ses employ\u00e9s"},"content":{"rendered":"<p><strong>B\u00e9cancour, le 16\u00a0novembre 2023 \u2014<\/strong> Nemaska Lithium est fi\u00e8re d\u2019annoncer un partenariat avec Air Creebec afin d\u2019assurer le transport a\u00e9rien fiable, s\u00e9curitaire et confortable de ses employ\u00e9s et de ses sous-traitants vers son site minier de Whabouchi, situ\u00e9 sur le territoire Eeyou Istchee de la Baie James dans le nord du Qu\u00e9bec. La d\u00e9cision de Nemaska Lithium de conclure un partenariat avec ce transporteur a\u00e9rien bien \u00e9tabli dans cette r\u00e9gion du Qu\u00e9bec est notamment motiv\u00e9e par son engagement ferme \u00e0 \u00e9tablir des alliances durables avec la Nation crie et avec ses entreprises, tout en recherchant l\u2019option commerciale la plus avantageuse. La s\u00e9lection d\u2019Air Creebec est le fruit d\u2019un processus rigoureux de s\u00e9lection des fournisseurs.<\/p>\n<p>Dans le cadre de ses engagements envers ses communaut\u00e9s d\u2019accueil et envers ses parties prenantes, Nemaska Lithium a adopt\u00e9 une politique d\u2019achat local qui pr\u00e9voit, dans la plus grande mesure du possible, son engagement \u00e0 donner la priorit\u00e9 aux entreprises locales. Cette entente de trois ans s\u2019inscrit pleinement dans cette politique, en plus d\u2019offrir davantage d\u2019efficacit\u00e9, de flexibilit\u00e9 et de pr\u00e9visibilit\u00e9 pour le transport de l\u2019\u00e9quipe de Nemaska Lithium \u00e0 la mine Whabouchi.<\/p>\n<p>En fonction des disponibilit\u00e9s et des besoins, l\u2019accord pr\u00e9voit principalement l\u2019utilisation d\u2019avions Dash\u00a08-100 et Dash\u00a08-300. Les itin\u00e9raires de vol seront d\u00e9termin\u00e9s en fonction des besoins de Nemaska Lithium et \u00e9volueront au fur et \u00e0 mesure de l\u2019avancement de la construction et du d\u00e9but de l\u2019exploitation ainsi qu\u2019en fonction de l\u2019augmentation du nombre de passagers et de leur provenance.<\/p>\n<p>\u00ab\u2009Ce partenariat est un bel exemple de l\u2019importance que nous accordons \u00e0 l\u2019achat local ainsi que de notre ferme intention de mettre en \u0153uvre notre politique en ce sens. Nous sommes heureux de pouvoir compter sur Air Creebec pour transporter la ressource la plus pr\u00e9cieuse de notre entreprise\u00a0: nos employ\u00e9s. Air Creebec est un joueur important dans le secteur de l\u2019aviation nordique et nous sommes convaincus que ce partenariat sera b\u00e9n\u00e9fique tant pour Nemaska Lithium et Air Creebec que pour l\u2019\u00e9conomie de la r\u00e9gion.\u2009\u00bb<br \/>\n\u2013\u00a0Steve Gartner, vice-pr\u00e9sident Finance, Nemaska Lithium<\/p>\n<p>\u00ab\u2009L\u2019\u00e9quipe d\u2019Air Creebec est tr\u00e8s enthousiaste \u00e0 l\u2019id\u00e9e de ce partenariat avec Nemaska Lithium. Nos deux organisations partagent les m\u00eames valeurs et nous entendons r\u00e9pondre aux exigences de ce partenariat tout en d\u00e9montrant la force de notre position de transporteur officiel de la C\u00f4te de la Baie-James.\u2009\u00bb<br \/>\n\u2013\u00a0Tanya Pash, pr\u00e9sidente-directrice g\u00e9n\u00e9rale, Air Creebec<\/p>\n<h4><\/h4>\n<p><strong>Pour tout renseignement<\/strong><\/p>\n<p>Louis-Martin Leclerc<br \/>\nTACT<br \/>\nCell\u00a0: 418-693-2425<br \/>\n<a href=\"mailto:lmleclerc@tactconseil.ca\">lmleclerc@tactconseil.ca<\/a><\/p>\n","protected":false},"excerpt":{"rendered":"<p>B\u00e9cancour, le 16\u00a0novembre 2023 \u2014 Nemaska Lithium est fi\u00e8re d\u2019annoncer un partenariat avec Air Creebec afin d\u2019assurer le transport a\u00e9rien fiable, s\u00e9curitaire et confortable de ses employ\u00e9s et de ses&#8230;<\/p>\n","protected":false},"author":4,"featured_media":2440,"comment_status":"closed","ping_status":"closed","sticky":false,"template":"","format":"standard","meta":{"_acf_changed":false,"inline_featured_image":false,"footnotes":""},"categories":[8],"tags":[],"class_list":{"0":"post-2407","1":"post","2":"type-post","3":"status-publish","4":"format-standard","5":"has-post-thumbnail","7":"category-communique-de-presse"},"acf":[],"yoast_head":"<!-- This site is optimized with the Yoast SEO plugin v27.4 - https:\/\/yoast.com\/product\/yoast-seo-wordpress\/ -->\n<title>Nemaska Lithium s&#039;associe avec Air Creebec pour assurer le transport de ses employ\u00e9s - Nemaska Lithium<\/title>\n<meta name=\"description\" content=\"La ressource la plus pr\u00e9cieuse de notre entreprise est nos employ\u00e9s et aujourd\u2019hui, nous sommes fiers d\u2019annoncer un partenariat avec Air Creebec pour assurer leur transport confortable et s\u00e9curitaire \u00e0 notre mine de Whabouchi. Ce partenariat est un exemple suppl\u00e9mentaire de notre ferme volont\u00e9 d\u2019honorer notre politique d\u2019achat local et de la mettre en \u0153uvre au b\u00e9n\u00e9fice des communaut\u00e9s o\u00f9 nous op\u00e9rons.\" \/>\n<meta name=\"robots\" content=\"index, follow, max-snippet:-1, max-image-preview:large, max-video-preview:-1\" \/>\n<link rel=\"canonical\" href=\"https:\/\/nemaskalithium.com\/fr\/nemaska-lithium-sassocie-avec-air-creebec-pour-assurer-le-transport-de-ses-employes\/\" \/>\n<meta property=\"og:locale\" content=\"fr_CA\" \/>\n<meta property=\"og:type\" content=\"article\" \/>\n<meta property=\"og:title\" content=\"Nemaska Lithium s&#039;associe avec Air Creebec pour assurer le transport de ses employ\u00e9s - Nemaska Lithium\" \/>\n<meta property=\"og:description\" content=\"La ressource la plus pr\u00e9cieuse de notre entreprise est nos employ\u00e9s et aujourd\u2019hui, nous sommes fiers d\u2019annoncer un partenariat avec Air Creebec pour assurer leur transport confortable et s\u00e9curitaire \u00e0 notre mine de Whabouchi. Ce partenariat est un exemple suppl\u00e9mentaire de notre ferme volont\u00e9 d\u2019honorer notre politique d\u2019achat local et de la mettre en \u0153uvre au b\u00e9n\u00e9fice des communaut\u00e9s o\u00f9 nous op\u00e9rons.\" \/>\n<meta property=\"og:url\" content=\"https:\/\/nemaskalithium.com\/fr\/nemaska-lithium-sassocie-avec-air-creebec-pour-assurer-le-transport-de-ses-employes\/\" \/>\n<meta property=\"og:site_name\" content=\"Nemaska Lithium\" \/>\n<meta property=\"article:published_time\" content=\"2023-11-16T17:59:27+00:00\" \/>\n<meta property=\"og:image\" content=\"https:\/\/nemaskalithium.com\/wp-content\/uploads\/2023\/11\/81a7326-1-scaled.jpg\" \/>\n\t<meta property=\"og:image:width\" content=\"2560\" \/>\n\t<meta property=\"og:image:height\" content=\"1707\" \/>\n\t<meta property=\"og:image:type\" content=\"image\/jpeg\" \/>\n<meta name=\"author\" content=\"admin_nemaska\" \/>\n<meta name=\"twitter:card\" content=\"summary_large_image\" \/>\n<meta name=\"twitter:label1\" content=\"\u00c9crit par\" \/>\n\t<meta name=\"twitter:data1\" content=\"admin_nemaska\" \/>\n\t<meta name=\"twitter:label2\" content=\"Estimation du temps de lecture\" \/>\n\t<meta name=\"twitter:data2\" content=\"3 minutes\" \/>\n<script type=\"application\/ld+json\" class=\"yoast-schema-graph\">{\"@context\":\"https:\\\/\\\/schema.org\",\"@graph\":[{\"@type\":\"Article\",\"@id\":\"https:\\\/\\\/nemaskalithium.com\\\/fr\\\/nemaska-lithium-sassocie-avec-air-creebec-pour-assurer-le-transport-de-ses-employes\\\/#article\",\"isPartOf\":{\"@id\":\"https:\\\/\\\/nemaskalithium.com\\\/fr\\\/nemaska-lithium-sassocie-avec-air-creebec-pour-assurer-le-transport-de-ses-employes\\\/\"},\"author\":{\"name\":\"admin_nemaska\",\"@id\":\"https:\\\/\\\/nemaskalithium.com\\\/fr\\\/#\\\/schema\\\/person\\\/fbf4c48e7edd1fd7cde90303a9da995f\"},\"headline\":\"Nemaska Lithium s&rsquo;associe avec Air Creebec pour assurer le transport de ses employ\u00e9s\",\"datePublished\":\"2023-11-16T17:59:27+00:00\",\"mainEntityOfPage\":{\"@id\":\"https:\\\/\\\/nemaskalithium.com\\\/fr\\\/nemaska-lithium-sassocie-avec-air-creebec-pour-assurer-le-transport-de-ses-employes\\\/\"},\"wordCount\":471,\"image\":{\"@id\":\"https:\\\/\\\/nemaskalithium.com\\\/fr\\\/nemaska-lithium-sassocie-avec-air-creebec-pour-assurer-le-transport-de-ses-employes\\\/#primaryimage\"},\"thumbnailUrl\":\"https:\\\/\\\/nemaskalithium.com\\\/wp-content\\\/uploads\\\/2023\\\/11\\\/81a7326-1-scaled.jpg\",\"articleSection\":[\"Communiqu\u00e9 de presse\"],\"inLanguage\":\"fr-CA\"},{\"@type\":\"WebPage\",\"@id\":\"https:\\\/\\\/nemaskalithium.com\\\/fr\\\/nemaska-lithium-sassocie-avec-air-creebec-pour-assurer-le-transport-de-ses-employes\\\/\",\"url\":\"https:\\\/\\\/nemaskalithium.com\\\/fr\\\/nemaska-lithium-sassocie-avec-air-creebec-pour-assurer-le-transport-de-ses-employes\\\/\",\"name\":\"Nemaska Lithium s'associe avec Air Creebec pour assurer le transport de ses employ\u00e9s - Nemaska Lithium\",\"isPartOf\":{\"@id\":\"https:\\\/\\\/nemaskalithium.com\\\/fr\\\/#website\"},\"primaryImageOfPage\":{\"@id\":\"https:\\\/\\\/nemaskalithium.com\\\/fr\\\/nemaska-lithium-sassocie-avec-air-creebec-pour-assurer-le-transport-de-ses-employes\\\/#primaryimage\"},\"image\":{\"@id\":\"https:\\\/\\\/nemaskalithium.com\\\/fr\\\/nemaska-lithium-sassocie-avec-air-creebec-pour-assurer-le-transport-de-ses-employes\\\/#primaryimage\"},\"thumbnailUrl\":\"https:\\\/\\\/nemaskalithium.com\\\/wp-content\\\/uploads\\\/2023\\\/11\\\/81a7326-1-scaled.jpg\",\"datePublished\":\"2023-11-16T17:59:27+00:00\",\"author\":{\"@id\":\"https:\\\/\\\/nemaskalithium.com\\\/fr\\\/#\\\/schema\\\/person\\\/fbf4c48e7edd1fd7cde90303a9da995f\"},\"description\":\"La ressource la plus pr\u00e9cieuse de notre entreprise est nos employ\u00e9s et aujourd\u2019hui, nous sommes fiers d\u2019annoncer un partenariat avec Air Creebec pour assurer leur transport confortable et s\u00e9curitaire \u00e0 notre mine de Whabouchi. Ce partenariat est un exemple suppl\u00e9mentaire de notre ferme volont\u00e9 d\u2019honorer notre politique d\u2019achat local et de la mettre en \u0153uvre au b\u00e9n\u00e9fice des communaut\u00e9s o\u00f9 nous op\u00e9rons.\",\"breadcrumb\":{\"@id\":\"https:\\\/\\\/nemaskalithium.com\\\/fr\\\/nemaska-lithium-sassocie-avec-air-creebec-pour-assurer-le-transport-de-ses-employes\\\/#breadcrumb\"},\"inLanguage\":\"fr-CA\",\"potentialAction\":[{\"@type\":\"ReadAction\",\"target\":[\"https:\\\/\\\/nemaskalithium.com\\\/fr\\\/nemaska-lithium-sassocie-avec-air-creebec-pour-assurer-le-transport-de-ses-employes\\\/\"]}]},{\"@type\":\"ImageObject\",\"inLanguage\":\"fr-CA\",\"@id\":\"https:\\\/\\\/nemaskalithium.com\\\/fr\\\/nemaska-lithium-sassocie-avec-air-creebec-pour-assurer-le-transport-de-ses-employes\\\/#primaryimage\",\"url\":\"https:\\\/\\\/nemaskalithium.com\\\/wp-content\\\/uploads\\\/2023\\\/11\\\/81a7326-1-scaled.jpg\",\"contentUrl\":\"https:\\\/\\\/nemaskalithium.com\\\/wp-content\\\/uploads\\\/2023\\\/11\\\/81a7326-1-scaled.jpg\",\"width\":2560,\"height\":1707,\"caption\":\"Air Creebec entente\"},{\"@type\":\"BreadcrumbList\",\"@id\":\"https:\\\/\\\/nemaskalithium.com\\\/fr\\\/nemaska-lithium-sassocie-avec-air-creebec-pour-assurer-le-transport-de-ses-employes\\\/#breadcrumb\",\"itemListElement\":[{\"@type\":\"ListItem\",\"position\":1,\"name\":\"Accueil\",\"item\":\"https:\\\/\\\/nemaskalithium.com\\\/fr\\\/\"},{\"@type\":\"ListItem\",\"position\":2,\"name\":\"Nemaska Lithium s&rsquo;associe avec Air Creebec pour assurer le transport de ses employ\u00e9s\"}]},{\"@type\":\"WebSite\",\"@id\":\"https:\\\/\\\/nemaskalithium.com\\\/fr\\\/#website\",\"url\":\"https:\\\/\\\/nemaskalithium.com\\\/fr\\\/\",\"name\":\"Nemaska Lithium\",\"description\":\"Propulser un avenir plus propre, sain et durable\",\"potentialAction\":[{\"@type\":\"SearchAction\",\"target\":{\"@type\":\"EntryPoint\",\"urlTemplate\":\"https:\\\/\\\/nemaskalithium.com\\\/fr\\\/?s={search_term_string}\"},\"query-input\":{\"@type\":\"PropertyValueSpecification\",\"valueRequired\":true,\"valueName\":\"search_term_string\"}}],\"inLanguage\":\"fr-CA\"},{\"@type\":\"Person\",\"@id\":\"https:\\\/\\\/nemaskalithium.com\\\/fr\\\/#\\\/schema\\\/person\\\/fbf4c48e7edd1fd7cde90303a9da995f\",\"name\":\"admin_nemaska\",\"image\":{\"@type\":\"ImageObject\",\"inLanguage\":\"fr-CA\",\"@id\":\"https:\\\/\\\/secure.gravatar.com\\\/avatar\\\/c9c3b8bf34884b9700d241ab3cddb982a7987ce1ce66e36a31034c91ec073e22?s=96&d=mm&r=g\",\"url\":\"https:\\\/\\\/secure.gravatar.com\\\/avatar\\\/c9c3b8bf34884b9700d241ab3cddb982a7987ce1ce66e36a31034c91ec073e22?s=96&d=mm&r=g\",\"contentUrl\":\"https:\\\/\\\/secure.gravatar.com\\\/avatar\\\/c9c3b8bf34884b9700d241ab3cddb982a7987ce1ce66e36a31034c91ec073e22?s=96&d=mm&r=g\",\"caption\":\"admin_nemaska\"},\"url\":\"https:\\\/\\\/nemaskalithium.com\\\/fr\\\/author\\\/admin_nemaska\\\/\"}]}<\/script>\n<!-- \/ Yoast SEO plugin. -->","yoast_head_json":{"title":"Nemaska Lithium s'associe avec Air Creebec pour assurer le transport de ses employ\u00e9s - Nemaska Lithium","description":"La ressource la plus pr\u00e9cieuse de notre entreprise est nos employ\u00e9s et aujourd\u2019hui, nous sommes fiers d\u2019annoncer un partenariat avec Air Creebec pour assurer leur transport confortable et s\u00e9curitaire \u00e0 notre mine de Whabouchi. Ce partenariat est un exemple suppl\u00e9mentaire de notre ferme volont\u00e9 d\u2019honorer notre politique d\u2019achat local et de la mettre en \u0153uvre au b\u00e9n\u00e9fice des communaut\u00e9s o\u00f9 nous op\u00e9rons.","robots":{"index":"index","follow":"follow","max-snippet":"max-snippet:-1","max-image-preview":"max-image-preview:large","max-video-preview":"max-video-preview:-1"},"canonical":"https:\/\/nemaskalithium.com\/fr\/nemaska-lithium-sassocie-avec-air-creebec-pour-assurer-le-transport-de-ses-employes\/","og_locale":"fr_CA","og_type":"article","og_title":"Nemaska Lithium s'associe avec Air Creebec pour assurer le transport de ses employ\u00e9s - Nemaska Lithium","og_description":"La ressource la plus pr\u00e9cieuse de notre entreprise est nos employ\u00e9s et aujourd\u2019hui, nous sommes fiers d\u2019annoncer un partenariat avec Air Creebec pour assurer leur transport confortable et s\u00e9curitaire \u00e0 notre mine de Whabouchi. Ce partenariat est un exemple suppl\u00e9mentaire de notre ferme volont\u00e9 d\u2019honorer notre politique d\u2019achat local et de la mettre en \u0153uvre au b\u00e9n\u00e9fice des communaut\u00e9s o\u00f9 nous op\u00e9rons.","og_url":"https:\/\/nemaskalithium.com\/fr\/nemaska-lithium-sassocie-avec-air-creebec-pour-assurer-le-transport-de-ses-employes\/","og_site_name":"Nemaska Lithium","article_published_time":"2023-11-16T17:59:27+00:00","og_image":[{"width":2560,"height":1707,"url":"https:\/\/nemaskalithium.com\/wp-content\/uploads\/2023\/11\/81a7326-1-scaled.jpg","type":"image\/jpeg"}],"author":"admin_nemaska","twitter_card":"summary_large_image","twitter_misc":{"\u00c9crit par":"admin_nemaska","Estimation du temps de lecture":"3 minutes"},"schema":{"@context":"https:\/\/schema.org","@graph":[{"@type":"Article","@id":"https:\/\/nemaskalithium.com\/fr\/nemaska-lithium-sassocie-avec-air-creebec-pour-assurer-le-transport-de-ses-employes\/#article","isPartOf":{"@id":"https:\/\/nemaskalithium.com\/fr\/nemaska-lithium-sassocie-avec-air-creebec-pour-assurer-le-transport-de-ses-employes\/"},"author":{"name":"admin_nemaska","@id":"https:\/\/nemaskalithium.com\/fr\/#\/schema\/person\/fbf4c48e7edd1fd7cde90303a9da995f"},"headline":"Nemaska Lithium s&rsquo;associe avec Air Creebec pour assurer le transport de ses employ\u00e9s","datePublished":"2023-11-16T17:59:27+00:00","mainEntityOfPage":{"@id":"https:\/\/nemaskalithium.com\/fr\/nemaska-lithium-sassocie-avec-air-creebec-pour-assurer-le-transport-de-ses-employes\/"},"wordCount":471,"image":{"@id":"https:\/\/nemaskalithium.com\/fr\/nemaska-lithium-sassocie-avec-air-creebec-pour-assurer-le-transport-de-ses-employes\/#primaryimage"},"thumbnailUrl":"https:\/\/nemaskalithium.com\/wp-content\/uploads\/2023\/11\/81a7326-1-scaled.jpg","articleSection":["Communiqu\u00e9 de presse"],"inLanguage":"fr-CA"},{"@type":"WebPage","@id":"https:\/\/nemaskalithium.com\/fr\/nemaska-lithium-sassocie-avec-air-creebec-pour-assurer-le-transport-de-ses-employes\/","url":"https:\/\/nemaskalithium.com\/fr\/nemaska-lithium-sassocie-avec-air-creebec-pour-assurer-le-transport-de-ses-employes\/","name":"Nemaska Lithium s'associe avec Air Creebec pour assurer le transport de ses employ\u00e9s - Nemaska Lithium","isPartOf":{"@id":"https:\/\/nemaskalithium.com\/fr\/#website"},"primaryImageOfPage":{"@id":"https:\/\/nemaskalithium.com\/fr\/nemaska-lithium-sassocie-avec-air-creebec-pour-assurer-le-transport-de-ses-employes\/#primaryimage"},"image":{"@id":"https:\/\/nemaskalithium.com\/fr\/nemaska-lithium-sassocie-avec-air-creebec-pour-assurer-le-transport-de-ses-employes\/#primaryimage"},"thumbnailUrl":"https:\/\/nemaskalithium.com\/wp-content\/uploads\/2023\/11\/81a7326-1-scaled.jpg","datePublished":"2023-11-16T17:59:27+00:00","author":{"@id":"https:\/\/nemaskalithium.com\/fr\/#\/schema\/person\/fbf4c48e7edd1fd7cde90303a9da995f"},"description":"La ressource la plus pr\u00e9cieuse de notre entreprise est nos employ\u00e9s et aujourd\u2019hui, nous sommes fiers d\u2019annoncer un partenariat avec Air Creebec pour assurer leur transport confortable et s\u00e9curitaire \u00e0 notre mine de Whabouchi. Ce partenariat est un exemple suppl\u00e9mentaire de notre ferme volont\u00e9 d\u2019honorer notre politique d\u2019achat local et de la mettre en \u0153uvre au b\u00e9n\u00e9fice des communaut\u00e9s o\u00f9 nous op\u00e9rons.","breadcrumb":{"@id":"https:\/\/nemaskalithium.com\/fr\/nemaska-lithium-sassocie-avec-air-creebec-pour-assurer-le-transport-de-ses-employes\/#breadcrumb"},"inLanguage":"fr-CA","potentialAction":[{"@type":"ReadAction","target":["https:\/\/nemaskalithium.com\/fr\/nemaska-lithium-sassocie-avec-air-creebec-pour-assurer-le-transport-de-ses-employes\/"]}]},{"@type":"ImageObject","inLanguage":"fr-CA","@id":"https:\/\/nemaskalithium.com\/fr\/nemaska-lithium-sassocie-avec-air-creebec-pour-assurer-le-transport-de-ses-employes\/#primaryimage","url":"https:\/\/nemaskalithium.com\/wp-content\/uploads\/2023\/11\/81a7326-1-scaled.jpg","contentUrl":"https:\/\/nemaskalithium.com\/wp-content\/uploads\/2023\/11\/81a7326-1-scaled.jpg","width":2560,"height":1707,"caption":"Air Creebec entente"},{"@type":"BreadcrumbList","@id":"https:\/\/nemaskalithium.com\/fr\/nemaska-lithium-sassocie-avec-air-creebec-pour-assurer-le-transport-de-ses-employes\/#breadcrumb","itemListElement":[{"@type":"ListItem","position":1,"name":"Accueil","item":"https:\/\/nemaskalithium.com\/fr\/"},{"@type":"ListItem","position":2,"name":"Nemaska Lithium s&rsquo;associe avec Air Creebec pour assurer le transport de ses employ\u00e9s"}]},{"@type":"WebSite","@id":"https:\/\/nemaskalithium.com\/fr\/#website","url":"https:\/\/nemaskalithium.com\/fr\/","name":"Nemaska Lithium","description":"Propulser un avenir plus propre, sain et durable","potentialAction":[{"@type":"SearchAction","target":{"@type":"EntryPoint","urlTemplate":"https:\/\/nemaskalithium.com\/fr\/?s={search_term_string}"},"query-input":{"@type":"PropertyValueSpecification","valueRequired":true,"valueName":"search_term_string"}}],"inLanguage":"fr-CA"},{"@type":"Person","@id":"https:\/\/nemaskalithium.com\/fr\/#\/schema\/person\/fbf4c48e7edd1fd7cde90303a9da995f","name":"admin_nemaska","image":{"@type":"ImageObject","inLanguage":"fr-CA","@id":"https:\/\/secure.gravatar.com\/avatar\/c9c3b8bf34884b9700d241ab3cddb982a7987ce1ce66e36a31034c91ec073e22?s=96&d=mm&r=g","url":"https:\/\/secure.gravatar.com\/avatar\/c9c3b8bf34884b9700d241ab3cddb982a7987ce1ce66e36a31034c91ec073e22?s=96&d=mm&r=g","contentUrl":"https:\/\/secure.gravatar.com\/avatar\/c9c3b8bf34884b9700d241ab3cddb982a7987ce1ce66e36a31034c91ec073e22?s=96&d=mm&r=g","caption":"admin_nemaska"},"url":"https:\/\/nemaskalithium.com\/fr\/author\/admin_nemaska\/"}]}},"_links":{"self":[{"href":"https:\/\/nemaskalithium.com\/fr\/wp-json\/wp\/v2\/posts\/2407","targetHints":{"allow":["GET"]}}],"collection":[{"href":"https:\/\/nemaskalithium.com\/fr\/wp-json\/wp\/v2\/posts"}],"about":[{"href":"https:\/\/nemaskalithium.com\/fr\/wp-json\/wp\/v2\/types\/post"}],"author":[{"embeddable":true,"href":"https:\/\/nemaskalithium.com\/fr\/wp-json\/wp\/v2\/users\/4"}],"replies":[{"embeddable":true,"href":"https:\/\/nemaskalithium.com\/fr\/wp-json\/wp\/v2\/comments?post=2407"}],"version-history":[{"count":0,"href":"https:\/\/nemaskalithium.com\/fr\/wp-json\/wp\/v2\/posts\/2407\/revisions"}],"wp:featuredmedia":[{"embeddable":true,"href":"https:\/\/nemaskalithium.com\/fr\/wp-json\/wp\/v2\/media\/2440"}],"wp:attachment":[{"href":"https:\/\/nemaskalithium.com\/fr\/wp-json\/wp\/v2\/media?parent=2407"}],"wp:term":[{"taxonomy":"category","embeddable":true,"href":"https:\/\/nemaskalithium.com\/fr\/wp-json\/wp\/v2\/categories?post=2407"},{"taxonomy":"post_tag","embeddable":true,"href":"https:\/\/nemaskalithium.com\/fr\/wp-json\/wp\/v2\/tags?post=2407"}],"curies":[{"name":"wp","href":"https:\/\/api.w.org\/{rel}","templated":true}]}}