{"id":2232,"date":"2023-04-13T11:39:42","date_gmt":"2023-04-13T15:39:42","guid":{"rendered":"https:\/\/nemaskalithium.com\/?p=2232"},"modified":"2023-04-13T11:39:42","modified_gmt":"2023-04-13T15:39:42","slug":"nemaska-lithium-tient-la-premiere-conference-sur-le-territoire-et-lenvironnement-de-nemaska","status":"publish","type":"post","link":"https:\/\/nemaskalithium.com\/fr\/nemaska-lithium-tient-la-premiere-conference-sur-le-territoire-et-lenvironnement-de-nemaska\/","title":{"rendered":"Nemaska Lithium tient la premi\u00e8re Conf\u00e9rence sur le territoire et l&rsquo;environnement de Nemaska"},"content":{"rendered":"[vc_row type=\u00a0\u00bbin_container\u00a0\u00bb full_screen_row_position=\u00a0\u00bbmiddle\u00a0\u00bb column_margin=\u00a0\u00bbdefault\u00a0\u00bb column_direction=\u00a0\u00bbdefault\u00a0\u00bb column_direction_tablet=\u00a0\u00bbdefault\u00a0\u00bb column_direction_phone=\u00a0\u00bbdefault\u00a0\u00bb scene_position=\u00a0\u00bbcenter\u00a0\u00bb text_color=\u00a0\u00bbdark\u00a0\u00bb text_align=\u00a0\u00bbleft\u00a0\u00bb row_border_radius=\u00a0\u00bbnone\u00a0\u00bb row_border_radius_applies=\u00a0\u00bbbg\u00a0\u00bb overflow=\u00a0\u00bbvisible\u00a0\u00bb overlay_strength=\u00a0\u00bb0.3&Prime; gradient_direction=\u00a0\u00bbleft_to_right\u00a0\u00bb shape_divider_position=\u00a0\u00bbbottom\u00a0\u00bb bg_image_animation=\u00a0\u00bbnone\u00a0\u00bb][vc_column column_padding=\u00a0\u00bbno-extra-padding\u00a0\u00bb column_padding_tablet=\u00a0\u00bbinherit\u00a0\u00bb column_padding_phone=\u00a0\u00bbinherit\u00a0\u00bb column_padding_position=\u00a0\u00bball\u00a0\u00bb column_element_direction_desktop=\u00a0\u00bbdefault\u00a0\u00bb column_element_spacing=\u00a0\u00bbdefault\u00a0\u00bb desktop_text_alignment=\u00a0\u00bbdefault\u00a0\u00bb tablet_text_alignment=\u00a0\u00bbdefault\u00a0\u00bb phone_text_alignment=\u00a0\u00bbdefault\u00a0\u00bb background_color_opacity=\u00a0\u00bb1&Prime; background_hover_color_opacity=\u00a0\u00bb1&Prime; column_backdrop_filter=\u00a0\u00bbnone\u00a0\u00bb column_shadow=\u00a0\u00bbnone\u00a0\u00bb column_border_radius=\u00a0\u00bbnone\u00a0\u00bb column_link_target=\u00a0\u00bb_self\u00a0\u00bb column_position=\u00a0\u00bbdefault\u00a0\u00bb gradient_direction=\u00a0\u00bbleft_to_right\u00a0\u00bb overlay_strength=\u00a0\u00bb0.3&Prime; width=\u00a0\u00bb1\/1&Prime; tablet_width_inherit=\u00a0\u00bbdefault\u00a0\u00bb animation_type=\u00a0\u00bbdefault\u00a0\u00bb bg_image_animation=\u00a0\u00bbnone\u00a0\u00bb border_type=\u00a0\u00bbsimple\u00a0\u00bb column_border_width=\u00a0\u00bbnone\u00a0\u00bb column_border_style=\u00a0\u00bbsolid\u00a0\u00bb][vc_column_text]Les 29 et 30 mars dernier, Nemaska Lithium tenait la toute premi\u00e8re <em>Nemaska Land and Environment Conference<\/em>, organis\u00e9e en collaboration avec la Nation Crie de Nemaska. La tenue de cet \u00e9v\u00e9nement fait suite \u00e0 un engagement du Comit\u00e9 Environnement de l\u2019entente Chinuchi.<\/p>\n<p>Pour l\u2019occasion, la population de Nemaska et des communaut\u00e9s environnantes a \u00e9t\u00e9 invit\u00e9e \u00e0 rencontrer des experts scientifiques,\u00a0des membres de l\u2019administration de la Nation crie de Nemaska et du Gouvernement de la Nation crie, ainsi que des employ\u00e9s de Nemaska Lithium pour discuter des enjeux environnementaux en territoire Eeyou Istchee et du projet de la mine Whabouchi.<\/p>\n<p>L\u2019\u00e9v\u00e9nement a rassembl\u00e9 des gens de tous \u00e2ges, petits et grands et ce fut une\u00a0occasion privil\u00e9gi\u00e9e pour notre \u00e9quipe de faire connaissance et d\u2019\u00e9changer avec les membres de la communaut\u00e9 crie. Nous tenons \u00e0 remercier tous ceux et celles qui ont permis d\u2019en faire un moment aussi agr\u00e9able.[\/vc_column_text][\/vc_column][\/vc_row][vc_row type=\u00a0\u00bbin_container\u00a0\u00bb full_screen_row_position=\u00a0\u00bbmiddle\u00a0\u00bb column_margin=\u00a0\u00bbdefault\u00a0\u00bb column_direction=\u00a0\u00bbdefault\u00a0\u00bb column_direction_tablet=\u00a0\u00bbdefault\u00a0\u00bb column_direction_phone=\u00a0\u00bbdefault\u00a0\u00bb scene_position=\u00a0\u00bbcenter\u00a0\u00bb text_color=\u00a0\u00bbdark\u00a0\u00bb text_align=\u00a0\u00bbleft\u00a0\u00bb row_border_radius=\u00a0\u00bbnone\u00a0\u00bb row_border_radius_applies=\u00a0\u00bbbg\u00a0\u00bb overflow=\u00a0\u00bbvisible\u00a0\u00bb overlay_strength=\u00a0\u00bb0.3&Prime; gradient_direction=\u00a0\u00bbleft_to_right\u00a0\u00bb shape_divider_position=\u00a0\u00bbbottom\u00a0\u00bb bg_image_animation=\u00a0\u00bbnone\u00a0\u00bb][vc_column column_padding=\u00a0\u00bbno-extra-padding\u00a0\u00bb column_padding_tablet=\u00a0\u00bbinherit\u00a0\u00bb column_padding_phone=\u00a0\u00bbinherit\u00a0\u00bb column_padding_position=\u00a0\u00bball\u00a0\u00bb column_element_direction_desktop=\u00a0\u00bbdefault\u00a0\u00bb column_element_spacing=\u00a0\u00bbdefault\u00a0\u00bb desktop_text_alignment=\u00a0\u00bbdefault\u00a0\u00bb tablet_text_alignment=\u00a0\u00bbdefault\u00a0\u00bb phone_text_alignment=\u00a0\u00bbdefault\u00a0\u00bb background_color_opacity=\u00a0\u00bb1&Prime; background_hover_color_opacity=\u00a0\u00bb1&Prime; column_backdrop_filter=\u00a0\u00bbnone\u00a0\u00bb column_shadow=\u00a0\u00bbnone\u00a0\u00bb column_border_radius=\u00a0\u00bbnone\u00a0\u00bb column_link_target=\u00a0\u00bb_self\u00a0\u00bb column_position=\u00a0\u00bbdefault\u00a0\u00bb gradient_direction=\u00a0\u00bbleft_to_right\u00a0\u00bb overlay_strength=\u00a0\u00bb0.3&Prime; width=\u00a0\u00bb1\/1&Prime; tablet_width_inherit=\u00a0\u00bbdefault\u00a0\u00bb animation_type=\u00a0\u00bbdefault\u00a0\u00bb bg_image_animation=\u00a0\u00bbnone\u00a0\u00bb border_type=\u00a0\u00bbsimple\u00a0\u00bb column_border_width=\u00a0\u00bbnone\u00a0\u00bb column_border_style=\u00a0\u00bbsolid\u00a0\u00bb][vc_gallery type=\u00a0\u00bbflickity_style\u00a0\u00bb images=\u00a0\u00bb2261,2263,2265,2267,2269,2271&Prime; flickity_spacing=\u00a0\u00bbdefault\u00a0\u00bb flickity_controls=\u00a0\u00bbpagination\u00a0\u00bb flickity_overflow=\u00a0\u00bbhidden\u00a0\u00bb flickity_wrap_around=\u00a0\u00bbwrap\u00a0\u00bb flickity_desktop_columns=\u00a0\u00bb1&Prime; flickity_small_desktop_columns=\u00a0\u00bb1&Prime; flickity_tablet_columns=\u00a0\u00bb1&Prime; flickity_phone_columns=\u00a0\u00bb1&Prime; flickity_box_shadow=\u00a0\u00bbnone\u00a0\u00bb image_loading=\u00a0\u00bbdefault\u00a0\u00bb onclick=\u00a0\u00bblink_no\u00a0\u00bb][\/vc_column][\/vc_row]\n","protected":false},"excerpt":{"rendered":"<p>[vc_row type=\u00a0\u00bbin_container\u00a0\u00bb full_screen_row_position=\u00a0\u00bbmiddle\u00a0\u00bb column_margin=\u00a0\u00bbdefault\u00a0\u00bb column_direction=\u00a0\u00bbdefault\u00a0\u00bb column_direction_tablet=\u00a0\u00bbdefault\u00a0\u00bb column_direction_phone=\u00a0\u00bbdefault\u00a0\u00bb scene_position=\u00a0\u00bbcenter\u00a0\u00bb text_color=\u00a0\u00bbdark\u00a0\u00bb text_align=\u00a0\u00bbleft\u00a0\u00bb row_border_radius=\u00a0\u00bbnone\u00a0\u00bb row_border_radius_applies=\u00a0\u00bbbg\u00a0\u00bb overflow=\u00a0\u00bbvisible\u00a0\u00bb overlay_strength=\u00a0\u00bb0.3&Prime; gradient_direction=\u00a0\u00bbleft_to_right\u00a0\u00bb shape_divider_position=\u00a0\u00bbbottom\u00a0\u00bb bg_image_animation=\u00a0\u00bbnone\u00a0\u00bb][vc_column column_padding=\u00a0\u00bbno-extra-padding\u00a0\u00bb column_padding_tablet=\u00a0\u00bbinherit\u00a0\u00bb column_padding_phone=\u00a0\u00bbinherit\u00a0\u00bb column_padding_position=\u00a0\u00bball\u00a0\u00bb column_element_direction_desktop=\u00a0\u00bbdefault\u00a0\u00bb column_element_spacing=\u00a0\u00bbdefault\u00a0\u00bb desktop_text_alignment=\u00a0\u00bbdefault\u00a0\u00bb tablet_text_alignment=\u00a0\u00bbdefault\u00a0\u00bb phone_text_alignment=\u00a0\u00bbdefault\u00a0\u00bb background_color_opacity=\u00a0\u00bb1&Prime; background_hover_color_opacity=\u00a0\u00bb1&Prime; column_backdrop_filter=\u00a0\u00bbnone\u00a0\u00bb column_shadow=\u00a0\u00bbnone\u00a0\u00bb&#8230;<\/p>\n","protected":false},"author":5,"featured_media":0,"comment_status":"closed","ping_status":"closed","sticky":false,"template":"","format":"standard","meta":{"_acf_changed":false,"inline_featured_image":false,"footnotes":""},"categories":[8],"tags":[],"class_list":{"0":"post-2232","1":"post","2":"type-post","3":"status-publish","4":"format-standard","6":"category-communique-de-presse"},"acf":[],"yoast_head":"<!-- This site is optimized with the Yoast SEO plugin v27.4 - https:\/\/yoast.com\/product\/yoast-seo-wordpress\/ -->\n<title>Nemaska Lithium tient la premi\u00e8re Conf\u00e9rence sur le territoire et l&#039;environnement de Nemaska - Nemaska Lithium<\/title>\n<meta name=\"robots\" content=\"index, follow, max-snippet:-1, max-image-preview:large, max-video-preview:-1\" \/>\n<link rel=\"canonical\" href=\"https:\/\/nemaskalithium.com\/fr\/nemaska-lithium-tient-la-premiere-conference-sur-le-territoire-et-lenvironnement-de-nemaska\/\" \/>\n<meta property=\"og:locale\" content=\"fr_CA\" \/>\n<meta property=\"og:type\" content=\"article\" \/>\n<meta property=\"og:title\" content=\"Nemaska Lithium tient la premi\u00e8re Conf\u00e9rence sur le territoire et l&#039;environnement de Nemaska - Nemaska Lithium\" \/>\n<meta property=\"og:description\" content=\"[vc_row type=\u00a0\u00bbin_container\u00a0\u00bb full_screen_row_position=\u00a0\u00bbmiddle\u00a0\u00bb column_margin=\u00a0\u00bbdefault\u00a0\u00bb column_direction=\u00a0\u00bbdefault\u00a0\u00bb column_direction_tablet=\u00a0\u00bbdefault\u00a0\u00bb column_direction_phone=\u00a0\u00bbdefault\u00a0\u00bb scene_position=\u00a0\u00bbcenter\u00a0\u00bb text_color=\u00a0\u00bbdark\u00a0\u00bb text_align=\u00a0\u00bbleft\u00a0\u00bb row_border_radius=\u00a0\u00bbnone\u00a0\u00bb row_border_radius_applies=\u00a0\u00bbbg\u00a0\u00bb overflow=\u00a0\u00bbvisible\u00a0\u00bb overlay_strength=\u00a0\u00bb0.3&Prime; gradient_direction=\u00a0\u00bbleft_to_right\u00a0\u00bb shape_divider_position=\u00a0\u00bbbottom\u00a0\u00bb bg_image_animation=\u00a0\u00bbnone\u00a0\u00bb][vc_column column_padding=\u00a0\u00bbno-extra-padding\u00a0\u00bb column_padding_tablet=\u00a0\u00bbinherit\u00a0\u00bb column_padding_phone=\u00a0\u00bbinherit\u00a0\u00bb column_padding_position=\u00a0\u00bball\u00a0\u00bb column_element_direction_desktop=\u00a0\u00bbdefault\u00a0\u00bb column_element_spacing=\u00a0\u00bbdefault\u00a0\u00bb desktop_text_alignment=\u00a0\u00bbdefault\u00a0\u00bb tablet_text_alignment=\u00a0\u00bbdefault\u00a0\u00bb phone_text_alignment=\u00a0\u00bbdefault\u00a0\u00bb background_color_opacity=\u00a0\u00bb1&Prime; background_hover_color_opacity=\u00a0\u00bb1&Prime; column_backdrop_filter=\u00a0\u00bbnone\u00a0\u00bb column_shadow=\u00a0\u00bbnone\u00a0\u00bb...\" \/>\n<meta property=\"og:url\" content=\"https:\/\/nemaskalithium.com\/fr\/nemaska-lithium-tient-la-premiere-conference-sur-le-territoire-et-lenvironnement-de-nemaska\/\" \/>\n<meta property=\"og:site_name\" content=\"Nemaska Lithium\" \/>\n<meta property=\"article:published_time\" content=\"2023-04-13T15:39:42+00:00\" \/>\n<meta property=\"og:image\" content=\"https:\/\/nemaskalithium.com\/wp-content\/uploads\/2022\/11\/nemaska-videoplaceholder.jpg\" \/>\n\t<meta property=\"og:image:width\" content=\"1920\" \/>\n\t<meta property=\"og:image:height\" content=\"985\" \/>\n\t<meta property=\"og:image:type\" content=\"image\/jpeg\" \/>\n<meta name=\"author\" content=\"GabrielleTellier\" \/>\n<meta name=\"twitter:card\" content=\"summary_large_image\" \/>\n<meta name=\"twitter:label1\" content=\"\u00c9crit par\" \/>\n\t<meta name=\"twitter:data1\" content=\"GabrielleTellier\" \/>\n\t<meta name=\"twitter:label2\" content=\"Estimation du temps de lecture\" \/>\n\t<meta name=\"twitter:data2\" content=\"2 minutes\" \/>\n<script type=\"application\/ld+json\" class=\"yoast-schema-graph\">{\"@context\":\"https:\\\/\\\/schema.org\",\"@graph\":[{\"@type\":\"Article\",\"@id\":\"https:\\\/\\\/nemaskalithium.com\\\/fr\\\/nemaska-lithium-tient-la-premiere-conference-sur-le-territoire-et-lenvironnement-de-nemaska\\\/#article\",\"isPartOf\":{\"@id\":\"https:\\\/\\\/nemaskalithium.com\\\/fr\\\/nemaska-lithium-tient-la-premiere-conference-sur-le-territoire-et-lenvironnement-de-nemaska\\\/\"},\"author\":{\"name\":\"GabrielleTellier\",\"@id\":\"https:\\\/\\\/nemaskalithium.com\\\/fr\\\/#\\\/schema\\\/person\\\/53083858cb18b06d9608043a4162b5c5\"},\"headline\":\"Nemaska Lithium tient la premi\u00e8re Conf\u00e9rence sur le territoire et l&rsquo;environnement de Nemaska\",\"datePublished\":\"2023-04-13T15:39:42+00:00\",\"mainEntityOfPage\":{\"@id\":\"https:\\\/\\\/nemaskalithium.com\\\/fr\\\/nemaska-lithium-tient-la-premiere-conference-sur-le-territoire-et-lenvironnement-de-nemaska\\\/\"},\"wordCount\":536,\"articleSection\":[\"Communiqu\u00e9 de presse\"],\"inLanguage\":\"fr-CA\"},{\"@type\":\"WebPage\",\"@id\":\"https:\\\/\\\/nemaskalithium.com\\\/fr\\\/nemaska-lithium-tient-la-premiere-conference-sur-le-territoire-et-lenvironnement-de-nemaska\\\/\",\"url\":\"https:\\\/\\\/nemaskalithium.com\\\/fr\\\/nemaska-lithium-tient-la-premiere-conference-sur-le-territoire-et-lenvironnement-de-nemaska\\\/\",\"name\":\"Nemaska Lithium tient la premi\u00e8re Conf\u00e9rence sur le territoire et l'environnement de Nemaska - Nemaska Lithium\",\"isPartOf\":{\"@id\":\"https:\\\/\\\/nemaskalithium.com\\\/fr\\\/#website\"},\"datePublished\":\"2023-04-13T15:39:42+00:00\",\"author\":{\"@id\":\"https:\\\/\\\/nemaskalithium.com\\\/fr\\\/#\\\/schema\\\/person\\\/53083858cb18b06d9608043a4162b5c5\"},\"breadcrumb\":{\"@id\":\"https:\\\/\\\/nemaskalithium.com\\\/fr\\\/nemaska-lithium-tient-la-premiere-conference-sur-le-territoire-et-lenvironnement-de-nemaska\\\/#breadcrumb\"},\"inLanguage\":\"fr-CA\",\"potentialAction\":[{\"@type\":\"ReadAction\",\"target\":[\"https:\\\/\\\/nemaskalithium.com\\\/fr\\\/nemaska-lithium-tient-la-premiere-conference-sur-le-territoire-et-lenvironnement-de-nemaska\\\/\"]}]},{\"@type\":\"BreadcrumbList\",\"@id\":\"https:\\\/\\\/nemaskalithium.com\\\/fr\\\/nemaska-lithium-tient-la-premiere-conference-sur-le-territoire-et-lenvironnement-de-nemaska\\\/#breadcrumb\",\"itemListElement\":[{\"@type\":\"ListItem\",\"position\":1,\"name\":\"Accueil\",\"item\":\"https:\\\/\\\/nemaskalithium.com\\\/fr\\\/\"},{\"@type\":\"ListItem\",\"position\":2,\"name\":\"Nemaska Lithium tient la premi\u00e8re Conf\u00e9rence sur le territoire et l&rsquo;environnement de Nemaska\"}]},{\"@type\":\"WebSite\",\"@id\":\"https:\\\/\\\/nemaskalithium.com\\\/fr\\\/#website\",\"url\":\"https:\\\/\\\/nemaskalithium.com\\\/fr\\\/\",\"name\":\"Nemaska Lithium\",\"description\":\"Propulser un avenir plus propre, sain et durable\",\"potentialAction\":[{\"@type\":\"SearchAction\",\"target\":{\"@type\":\"EntryPoint\",\"urlTemplate\":\"https:\\\/\\\/nemaskalithium.com\\\/fr\\\/?s={search_term_string}\"},\"query-input\":{\"@type\":\"PropertyValueSpecification\",\"valueRequired\":true,\"valueName\":\"search_term_string\"}}],\"inLanguage\":\"fr-CA\"},{\"@type\":\"Person\",\"@id\":\"https:\\\/\\\/nemaskalithium.com\\\/fr\\\/#\\\/schema\\\/person\\\/53083858cb18b06d9608043a4162b5c5\",\"name\":\"GabrielleTellier\",\"image\":{\"@type\":\"ImageObject\",\"inLanguage\":\"fr-CA\",\"@id\":\"https:\\\/\\\/secure.gravatar.com\\\/avatar\\\/f73c74cc42705df0f90fdaee7a588f99b8b718875742695ed9b7063306d15325?s=96&d=mm&r=g\",\"url\":\"https:\\\/\\\/secure.gravatar.com\\\/avatar\\\/f73c74cc42705df0f90fdaee7a588f99b8b718875742695ed9b7063306d15325?s=96&d=mm&r=g\",\"contentUrl\":\"https:\\\/\\\/secure.gravatar.com\\\/avatar\\\/f73c74cc42705df0f90fdaee7a588f99b8b718875742695ed9b7063306d15325?s=96&d=mm&r=g\",\"caption\":\"GabrielleTellier\"},\"url\":\"https:\\\/\\\/nemaskalithium.com\\\/fr\\\/author\\\/gabrielletellier\\\/\"}]}<\/script>\n<!-- \/ Yoast SEO plugin. -->","yoast_head_json":{"title":"Nemaska Lithium tient la premi\u00e8re Conf\u00e9rence sur le territoire et l'environnement de Nemaska - Nemaska Lithium","robots":{"index":"index","follow":"follow","max-snippet":"max-snippet:-1","max-image-preview":"max-image-preview:large","max-video-preview":"max-video-preview:-1"},"canonical":"https:\/\/nemaskalithium.com\/fr\/nemaska-lithium-tient-la-premiere-conference-sur-le-territoire-et-lenvironnement-de-nemaska\/","og_locale":"fr_CA","og_type":"article","og_title":"Nemaska Lithium tient la premi\u00e8re Conf\u00e9rence sur le territoire et l'environnement de Nemaska - Nemaska Lithium","og_description":"[vc_row type=\u00a0\u00bbin_container\u00a0\u00bb full_screen_row_position=\u00a0\u00bbmiddle\u00a0\u00bb column_margin=\u00a0\u00bbdefault\u00a0\u00bb column_direction=\u00a0\u00bbdefault\u00a0\u00bb column_direction_tablet=\u00a0\u00bbdefault\u00a0\u00bb column_direction_phone=\u00a0\u00bbdefault\u00a0\u00bb scene_position=\u00a0\u00bbcenter\u00a0\u00bb text_color=\u00a0\u00bbdark\u00a0\u00bb text_align=\u00a0\u00bbleft\u00a0\u00bb row_border_radius=\u00a0\u00bbnone\u00a0\u00bb row_border_radius_applies=\u00a0\u00bbbg\u00a0\u00bb overflow=\u00a0\u00bbvisible\u00a0\u00bb overlay_strength=\u00a0\u00bb0.3&Prime; gradient_direction=\u00a0\u00bbleft_to_right\u00a0\u00bb shape_divider_position=\u00a0\u00bbbottom\u00a0\u00bb bg_image_animation=\u00a0\u00bbnone\u00a0\u00bb][vc_column column_padding=\u00a0\u00bbno-extra-padding\u00a0\u00bb column_padding_tablet=\u00a0\u00bbinherit\u00a0\u00bb column_padding_phone=\u00a0\u00bbinherit\u00a0\u00bb column_padding_position=\u00a0\u00bball\u00a0\u00bb column_element_direction_desktop=\u00a0\u00bbdefault\u00a0\u00bb column_element_spacing=\u00a0\u00bbdefault\u00a0\u00bb desktop_text_alignment=\u00a0\u00bbdefault\u00a0\u00bb tablet_text_alignment=\u00a0\u00bbdefault\u00a0\u00bb phone_text_alignment=\u00a0\u00bbdefault\u00a0\u00bb background_color_opacity=\u00a0\u00bb1&Prime; background_hover_color_opacity=\u00a0\u00bb1&Prime; column_backdrop_filter=\u00a0\u00bbnone\u00a0\u00bb column_shadow=\u00a0\u00bbnone\u00a0\u00bb...","og_url":"https:\/\/nemaskalithium.com\/fr\/nemaska-lithium-tient-la-premiere-conference-sur-le-territoire-et-lenvironnement-de-nemaska\/","og_site_name":"Nemaska Lithium","article_published_time":"2023-04-13T15:39:42+00:00","og_image":[{"width":1920,"height":985,"url":"https:\/\/nemaskalithium.com\/wp-content\/uploads\/2022\/11\/nemaska-videoplaceholder.jpg","type":"image\/jpeg"}],"author":"GabrielleTellier","twitter_card":"summary_large_image","twitter_misc":{"\u00c9crit par":"GabrielleTellier","Estimation du temps de lecture":"2 minutes"},"schema":{"@context":"https:\/\/schema.org","@graph":[{"@type":"Article","@id":"https:\/\/nemaskalithium.com\/fr\/nemaska-lithium-tient-la-premiere-conference-sur-le-territoire-et-lenvironnement-de-nemaska\/#article","isPartOf":{"@id":"https:\/\/nemaskalithium.com\/fr\/nemaska-lithium-tient-la-premiere-conference-sur-le-territoire-et-lenvironnement-de-nemaska\/"},"author":{"name":"GabrielleTellier","@id":"https:\/\/nemaskalithium.com\/fr\/#\/schema\/person\/53083858cb18b06d9608043a4162b5c5"},"headline":"Nemaska Lithium tient la premi\u00e8re Conf\u00e9rence sur le territoire et l&rsquo;environnement de Nemaska","datePublished":"2023-04-13T15:39:42+00:00","mainEntityOfPage":{"@id":"https:\/\/nemaskalithium.com\/fr\/nemaska-lithium-tient-la-premiere-conference-sur-le-territoire-et-lenvironnement-de-nemaska\/"},"wordCount":536,"articleSection":["Communiqu\u00e9 de presse"],"inLanguage":"fr-CA"},{"@type":"WebPage","@id":"https:\/\/nemaskalithium.com\/fr\/nemaska-lithium-tient-la-premiere-conference-sur-le-territoire-et-lenvironnement-de-nemaska\/","url":"https:\/\/nemaskalithium.com\/fr\/nemaska-lithium-tient-la-premiere-conference-sur-le-territoire-et-lenvironnement-de-nemaska\/","name":"Nemaska Lithium tient la premi\u00e8re Conf\u00e9rence sur le territoire et l'environnement de Nemaska - Nemaska Lithium","isPartOf":{"@id":"https:\/\/nemaskalithium.com\/fr\/#website"},"datePublished":"2023-04-13T15:39:42+00:00","author":{"@id":"https:\/\/nemaskalithium.com\/fr\/#\/schema\/person\/53083858cb18b06d9608043a4162b5c5"},"breadcrumb":{"@id":"https:\/\/nemaskalithium.com\/fr\/nemaska-lithium-tient-la-premiere-conference-sur-le-territoire-et-lenvironnement-de-nemaska\/#breadcrumb"},"inLanguage":"fr-CA","potentialAction":[{"@type":"ReadAction","target":["https:\/\/nemaskalithium.com\/fr\/nemaska-lithium-tient-la-premiere-conference-sur-le-territoire-et-lenvironnement-de-nemaska\/"]}]},{"@type":"BreadcrumbList","@id":"https:\/\/nemaskalithium.com\/fr\/nemaska-lithium-tient-la-premiere-conference-sur-le-territoire-et-lenvironnement-de-nemaska\/#breadcrumb","itemListElement":[{"@type":"ListItem","position":1,"name":"Accueil","item":"https:\/\/nemaskalithium.com\/fr\/"},{"@type":"ListItem","position":2,"name":"Nemaska Lithium tient la premi\u00e8re Conf\u00e9rence sur le territoire et l&rsquo;environnement de Nemaska"}]},{"@type":"WebSite","@id":"https:\/\/nemaskalithium.com\/fr\/#website","url":"https:\/\/nemaskalithium.com\/fr\/","name":"Nemaska Lithium","description":"Propulser un avenir plus propre, sain et durable","potentialAction":[{"@type":"SearchAction","target":{"@type":"EntryPoint","urlTemplate":"https:\/\/nemaskalithium.com\/fr\/?s={search_term_string}"},"query-input":{"@type":"PropertyValueSpecification","valueRequired":true,"valueName":"search_term_string"}}],"inLanguage":"fr-CA"},{"@type":"Person","@id":"https:\/\/nemaskalithium.com\/fr\/#\/schema\/person\/53083858cb18b06d9608043a4162b5c5","name":"GabrielleTellier","image":{"@type":"ImageObject","inLanguage":"fr-CA","@id":"https:\/\/secure.gravatar.com\/avatar\/f73c74cc42705df0f90fdaee7a588f99b8b718875742695ed9b7063306d15325?s=96&d=mm&r=g","url":"https:\/\/secure.gravatar.com\/avatar\/f73c74cc42705df0f90fdaee7a588f99b8b718875742695ed9b7063306d15325?s=96&d=mm&r=g","contentUrl":"https:\/\/secure.gravatar.com\/avatar\/f73c74cc42705df0f90fdaee7a588f99b8b718875742695ed9b7063306d15325?s=96&d=mm&r=g","caption":"GabrielleTellier"},"url":"https:\/\/nemaskalithium.com\/fr\/author\/gabrielletellier\/"}]}},"_links":{"self":[{"href":"https:\/\/nemaskalithium.com\/fr\/wp-json\/wp\/v2\/posts\/2232","targetHints":{"allow":["GET"]}}],"collection":[{"href":"https:\/\/nemaskalithium.com\/fr\/wp-json\/wp\/v2\/posts"}],"about":[{"href":"https:\/\/nemaskalithium.com\/fr\/wp-json\/wp\/v2\/types\/post"}],"author":[{"embeddable":true,"href":"https:\/\/nemaskalithium.com\/fr\/wp-json\/wp\/v2\/users\/5"}],"replies":[{"embeddable":true,"href":"https:\/\/nemaskalithium.com\/fr\/wp-json\/wp\/v2\/comments?post=2232"}],"version-history":[{"count":0,"href":"https:\/\/nemaskalithium.com\/fr\/wp-json\/wp\/v2\/posts\/2232\/revisions"}],"wp:attachment":[{"href":"https:\/\/nemaskalithium.com\/fr\/wp-json\/wp\/v2\/media?parent=2232"}],"wp:term":[{"taxonomy":"category","embeddable":true,"href":"https:\/\/nemaskalithium.com\/fr\/wp-json\/wp\/v2\/categories?post=2232"},{"taxonomy":"post_tag","embeddable":true,"href":"https:\/\/nemaskalithium.com\/fr\/wp-json\/wp\/v2\/tags?post=2232"}],"curies":[{"name":"wp","href":"https:\/\/api.w.org\/{rel}","templated":true}]}}